{"id":1116,"date":"2025-07-08T14:29:32","date_gmt":"2025-07-08T12:29:32","guid":{"rendered":"https:\/\/blog.armurerie-france.fr\/blog\/wordpress\/?p=1116"},"modified":"2025-12-17T16:29:29","modified_gmt":"2025-12-17T15:29:29","slug":"poudre-noire","status":"publish","type":"post","link":"https:\/\/blog.armurerie-france.fr\/blog\/wordpress\/en\/poudre-noire\/","title":{"rendered":"R\u00e9pliques \u00e0 Poudre Noire : V\u00e9rit\u00e9 et Fake News \u2013 Merci \u00e0 l\u2019UFA pour la Mise au Point"},"content":{"rendered":"<figure class=\"wp-block-image size-full\"><img decoding=\"async\" width=\"450\" height=\"302\" src=\"https:\/\/blog.armurerie-france.fr\/blog\/wordpress\/wp-content\/uploads\/2025\/07\/arton3786-27b58.png\" alt=\"Deux r\u00e9pliques de revolvers \u00e0 poudre noire pos\u00e9es sur une affiche vintage avec le texte \u00ab\u202fLes r\u00e9pliques sont-elles menac\u00e9es ?\u202f\u00bb.\" class=\"wp-image-1119\" srcset=\"https:\/\/blog.armurerie-france.fr\/blog\/wordpress\/wp-content\/uploads\/2025\/07\/arton3786-27b58.png 450w, https:\/\/blog.armurerie-france.fr\/blog\/wordpress\/wp-content\/uploads\/2025\/07\/arton3786-27b58-300x201.png 300w, https:\/\/blog.armurerie-france.fr\/blog\/wordpress\/wp-content\/uploads\/2025\/07\/arton3786-27b58-18x12.png 18w\" sizes=\"(max-width: 450px) 100vw, 450px\" \/><figcaption class=\"wp-element-caption\"><em>Une rumeur r\u00e9cente agite la communaut\u00e9 : les r\u00e9pliques \u00e0 poudre noire seraient menac\u00e9es. L\u2019UFA rassure et r\u00e9tablit la v\u00e9rit\u00e9.<\/em><\/figcaption><\/figure>\n\n\n\n<h2 class=\"wp-block-heading\">Quand l\u2019intox s\u00e8me le trouble chez les amateurs d\u2019armes<\/h2>\n\n\n\n<p>Dans le monde des <strong>r\u00e9pliques d\u2019armes \u00e0 poudre noire<\/strong>, la moindre rumeur peut semer la panique. Ces derniers jours, un <strong>youtubeur mal inform\u00e9<\/strong> a agit\u00e9 la toile en annon\u00e7ant un <strong>surclassement imminent<\/strong> de ces r\u00e9pliques, affirmant qu\u2019un projet de loi serait sur le point de durcir leur r\u00e9gime juridique.<\/p>\n\n\n\n<p>Une vid\u00e9o choc, des propos alarmistes\u2026 et un r\u00e9sultat imm\u00e9diat : des milliers de passionn\u00e9s inquiets, des forums en \u00e9bullition, et surtout une <strong>vague d\u2019appels<\/strong> qui a litt\u00e9ralement submerg\u00e9 les b\u00e9n\u00e9voles de <strong>l\u2019Union Fran\u00e7aise des Amateurs d\u2019Armes<\/strong> (<em>UFA<\/em>).<\/p>\n\n\n\n<p>\u27a1\ufe0f Pour r\u00e9tablir la v\u00e9rit\u00e9, l\u2019UFA a publi\u00e9 un <strong>article \u00e9clairant<\/strong>, sign\u00e9 par son pr\u00e9sident <strong>Jean-Pierre Basti\u00e9<\/strong>.<br><strong>\ud83d\udc49 Lire l\u2019original : <a href=\"https:\/\/www.armes-ufa.com\/spip.php?article3786\" target=\"_blank\" rel=\"noreferrer noopener\">R\u00e9pliques et Fake News<\/a><\/strong><\/p>\n\n\n\n<h2 class=\"wp-block-heading\">Une loi obsol\u00e8te, une peur infond\u00e9e<\/h2>\n\n\n\n<p>De quoi s\u2019agit-il vraiment ?<br>Le youtubeur s\u2019est appuy\u00e9 sur une <strong>proposition de loi<\/strong> d\u00e9pos\u00e9e par deux d\u00e9put\u00e9es \u2013 Mmes <strong>Florence Lasserre<\/strong> (MoDem) et <strong>El\u00e9onore Caroit<\/strong> (Renaissance) \u2013 le 2 mai 2024. Selon lui, ce texte allait faire basculer nos r\u00e9pliques de revolvers \u00e0 poudre noire en <strong>cat\u00e9gorie C<\/strong>, donc soumises \u00e0 d\u00e9claration.<\/p>\n\n\n\n<p>Sauf que cette proposition <strong>n\u2019a jamais \u00e9t\u00e9 vot\u00e9e<\/strong>. Elle est devenue <strong>nulle et non avenue<\/strong> apr\u00e8s la dissolution de l\u2019Assembl\u00e9e le 9 juin 2024. Pire encore pour cette \u00ab\u202finfo\u202f\u00bb : Florence Lasserre n\u2019a m\u00eame pas \u00e9t\u00e9 r\u00e9\u00e9lue. Bref, <strong>aucun risque imm\u00e9diat<\/strong> de surclassement.<\/p>\n\n\n\n<h2 class=\"wp-block-heading\">L\u2019UFA, rempart contre l\u2019intox<\/h2>\n\n\n\n<p>Face \u00e0 ce genre de d\u00e9sinformation, on mesure \u00e0 quel point le r\u00f4le de l\u2019UFA est pr\u00e9cieux. Loin de jouer les alarmistes, l\u2019UFA <strong>v\u00e9rifie<\/strong>, <strong>explique<\/strong> and <strong>agit en coulisses<\/strong> pour prot\u00e9ger la communaut\u00e9.<\/p>\n\n\n\n<p>Dans son article, Jean-Pierre Basti\u00e9 rappelle que :<\/p>\n\n\n\n<blockquote class=\"wp-block-quote is-layout-flow wp-block-quote-is-layout-flow\">\n<p><em>\u00ab L\u2019UFA passe son temps \u00e0 d\u00e9miner le terrain, l\u00e0 o\u00f9 d\u2019autres font le lit de restrictions \u00e0 venir. \u00bb<\/em><\/p>\n<\/blockquote>\n\n\n\n<p>Concr\u00e8tement, l\u2019association a d\u00e9j\u00e0 bloqu\u00e9 un projet similaire visant \u00e0 durcir le r\u00e9gime de <strong><a href=\"https:\/\/blog.armurerie-france.fr\/blog\/wordpress\/en\/category\/tir-sportif\/\" data-type=\"link\" data-id=\"https:\/\/blog.armurerie-france.fr\/blog\/wordpress\/category\/tir-sportif\/\">cat\u00e9gorie D<\/a><\/strong> gr\u00e2ce \u00e0 une argumentation solide. Et elle reste sur le pont pour <strong>contrer toute tentative future<\/strong>, quitte \u00e0 supporter la pression de rumeurs infond\u00e9es.<\/p>\n\n\n\n<h2 class=\"wp-block-heading\">Une passion qui perdure<\/h2>\n\n\n\n<p>Pour bien montrer sa <strong>confiance en l\u2019avenir<\/strong>, l\u2019UFA annonce m\u00eame un <strong>mod\u00e8le comm\u00e9moratif<\/strong> pour l\u2019automne, sur le th\u00e8me de la guerre de 1870. Un symbole fort pour rappeler que les r\u00e9pliques font partie de notre patrimoine historique et qu\u2019elles ont toute leur place entre les mains de passionn\u00e9s responsables.<\/p>\n\n\n\n<h2 class=\"wp-block-heading\">Un appel au calme\u2026 et au bon sens<\/h2>\n\n\n\n<p>En conclusion, face aux fake news, gardons notre sang-froid : avant de partager une vid\u00e9o alarmiste, <strong>v\u00e9rifiez vos sources<\/strong>. Et si un doute subsiste, <strong>l\u2019UFA reste votre interlocuteur privil\u00e9gi\u00e9<\/strong> pour toute question de l\u00e9gislation.<\/p>\n\n\n\n<p>\ud83d\ude4f Merci \u00e0 l\u2019UFA et \u00e0 ses b\u00e9n\u00e9voles pour leur <strong>travail de fond<\/strong>, souvent discret mais toujours d\u00e9cisif pour la d\u00e9fense de nos libert\u00e9s.<\/p>\n\n\n\n<hr class=\"wp-block-separator has-alpha-channel-opacity\"\/>\n\n\n\n<h2 class=\"wp-block-heading\">\ud83d\udccc <strong>Sources et lien utile<\/strong><\/h2>\n\n\n\n<p>\ud83d\udc49 Article original UFA : <a href=\"https:\/\/www.armes-ufa.com\/spip.php?article3786\" target=\"_blank\" rel=\"noreferrer noopener nofollow\">https:\/\/www.armes-ufa.com\/spip.php?article3786<\/a><br>\ud83d\udc49 Site officiel UFA : <a href=\"https:\/\/www.armes-ufa.com\" target=\"_blank\" rel=\"noreferrer noopener nofollow\">www.armes-ufa.com<\/a><\/p>","protected":false},"excerpt":{"rendered":"<p>Quand l\u2019intox s\u00e8me le trouble chez les amateurs d\u2019armes Dans le monde des r\u00e9pliques d\u2019armes [&hellip;]<\/p>\n","protected":false},"author":8,"featured_media":1118,"comment_status":"open","ping_status":"open","sticky":false,"template":"","format":"standard","meta":{"_acf_changed":false,"_monsterinsights_skip_tracking":false,"_monsterinsights_sitenote_active":false,"_monsterinsights_sitenote_note":"","_monsterinsights_sitenote_category":0,"footnotes":""},"categories":[93,75,56],"tags":[],"class_list":["post-1116","post","type-post","status-publish","format-standard","has-post-thumbnail","hentry","category-reglementation-munitions","category-reglementation-tir-sportif","category-tir-sportif"],"acf":[],"yoast_head":"<!-- This site is optimized with the Yoast SEO plugin v27.2 - https:\/\/yoast.com\/product\/yoast-seo-wordpress\/ -->\n<title>R\u00e9pliques \u00e0 Poudre Noire : V\u00e9rit\u00e9 et Fake News \u2013 Merci \u00e0 l\u2019UFA pour la Mise au Point -<\/title>\n<meta name=\"robots\" content=\"index, follow, max-snippet:-1, max-image-preview:large, max-video-preview:-1\" \/>\n<link rel=\"canonical\" href=\"https:\/\/blog.armurerie-france.fr\/blog\/wordpress\/en\/poudre-noire\/\" \/>\n<meta property=\"og:locale\" content=\"en_US\" \/>\n<meta property=\"og:type\" content=\"article\" \/>\n<meta property=\"og:title\" content=\"R\u00e9pliques \u00e0 Poudre Noire : V\u00e9rit\u00e9 et Fake News \u2013 Merci \u00e0 l\u2019UFA pour la Mise au Point -\" \/>\n<meta property=\"og:description\" content=\"Quand l\u2019intox s\u00e8me le trouble chez les amateurs d\u2019armes Dans le monde des r\u00e9pliques d\u2019armes [&hellip;]\" \/>\n<meta property=\"og:url\" content=\"https:\/\/blog.armurerie-france.fr\/blog\/wordpress\/en\/poudre-noire\/\" \/>\n<meta property=\"article:published_time\" content=\"2025-07-08T12:29:32+00:00\" \/>\n<meta property=\"article:modified_time\" content=\"2025-12-17T15:29:29+00:00\" \/>\n<meta property=\"og:image\" content=\"https:\/\/blog.armurerie-france.fr\/blog\/wordpress\/wp-content\/uploads\/2025\/07\/croppedimage-08459fbff8cb4f048cf2613aa3363f49.webp\" \/>\n\t<meta property=\"og:image:width\" content=\"918\" \/>\n\t<meta property=\"og:image:height\" content=\"240\" \/>\n\t<meta property=\"og:image:type\" content=\"image\/webp\" \/>\n<meta name=\"author\" content=\"Anthony\" \/>\n<meta name=\"twitter:card\" content=\"summary_large_image\" \/>\n<meta name=\"twitter:label1\" content=\"Written by\" \/>\n\t<meta name=\"twitter:data1\" content=\"Anthony\" \/>\n\t<meta name=\"twitter:label2\" content=\"Est. reading time\" \/>\n\t<meta name=\"twitter:data2\" content=\"3 minutes\" \/>\n<script type=\"application\/ld+json\" class=\"yoast-schema-graph\">{\"@context\":\"https:\/\/schema.org\",\"@graph\":[{\"@type\":\"Article\",\"@id\":\"https:\/\/blog.armurerie-france.fr\/blog\/wordpress\/poudre-noire\/#article\",\"isPartOf\":{\"@id\":\"https:\/\/blog.armurerie-france.fr\/blog\/wordpress\/poudre-noire\/\"},\"author\":{\"name\":\"Anthony\",\"@id\":\"https:\/\/blog.armurerie-france.fr\/blog\/wordpress\/#\/schema\/person\/8ab1480d2edb3f065f3433ffbd627c89\"},\"headline\":\"R\u00e9pliques \u00e0 Poudre Noire : V\u00e9rit\u00e9 et Fake News \u2013 Merci \u00e0 l\u2019UFA pour la Mise au Point\",\"datePublished\":\"2025-07-08T12:29:32+00:00\",\"dateModified\":\"2025-12-17T15:29:29+00:00\",\"mainEntityOfPage\":{\"@id\":\"https:\/\/blog.armurerie-france.fr\/blog\/wordpress\/poudre-noire\/\"},\"wordCount\":565,\"commentCount\":0,\"publisher\":{\"@id\":\"https:\/\/blog.armurerie-france.fr\/blog\/wordpress\/#organization\"},\"image\":{\"@id\":\"https:\/\/blog.armurerie-france.fr\/blog\/wordpress\/poudre-noire\/#primaryimage\"},\"thumbnailUrl\":\"https:\/\/blog.armurerie-france.fr\/blog\/wordpress\/wp-content\/uploads\/2025\/07\/croppedimage-08459fbff8cb4f048cf2613aa3363f49.webp\",\"articleSection\":[\"R\u00e9glementation et l\u00e9gislation\",\"R\u00e9glementation et s\u00e9curit\u00e9\",\"Tir sportif\"],\"inLanguage\":\"en-US\",\"potentialAction\":[{\"@type\":\"CommentAction\",\"name\":\"Comment\",\"target\":[\"https:\/\/blog.armurerie-france.fr\/blog\/wordpress\/poudre-noire\/#respond\"]}]},{\"@type\":\"WebPage\",\"@id\":\"https:\/\/blog.armurerie-france.fr\/blog\/wordpress\/poudre-noire\/\",\"url\":\"https:\/\/blog.armurerie-france.fr\/blog\/wordpress\/poudre-noire\/\",\"name\":\"R\u00e9pliques \u00e0 Poudre Noire : V\u00e9rit\u00e9 et Fake News \u2013 Merci \u00e0 l\u2019UFA pour la Mise au Point -\",\"isPartOf\":{\"@id\":\"https:\/\/blog.armurerie-france.fr\/blog\/wordpress\/#website\"},\"primaryImageOfPage\":{\"@id\":\"https:\/\/blog.armurerie-france.fr\/blog\/wordpress\/poudre-noire\/#primaryimage\"},\"image\":{\"@id\":\"https:\/\/blog.armurerie-france.fr\/blog\/wordpress\/poudre-noire\/#primaryimage\"},\"thumbnailUrl\":\"https:\/\/blog.armurerie-france.fr\/blog\/wordpress\/wp-content\/uploads\/2025\/07\/croppedimage-08459fbff8cb4f048cf2613aa3363f49.webp\",\"datePublished\":\"2025-07-08T12:29:32+00:00\",\"dateModified\":\"2025-12-17T15:29:29+00:00\",\"breadcrumb\":{\"@id\":\"https:\/\/blog.armurerie-france.fr\/blog\/wordpress\/poudre-noire\/#breadcrumb\"},\"inLanguage\":\"en-US\",\"potentialAction\":[{\"@type\":\"ReadAction\",\"target\":[\"https:\/\/blog.armurerie-france.fr\/blog\/wordpress\/poudre-noire\/\"]}]},{\"@type\":\"ImageObject\",\"inLanguage\":\"en-US\",\"@id\":\"https:\/\/blog.armurerie-france.fr\/blog\/wordpress\/poudre-noire\/#primaryimage\",\"url\":\"https:\/\/blog.armurerie-france.fr\/blog\/wordpress\/wp-content\/uploads\/2025\/07\/croppedimage-08459fbff8cb4f048cf2613aa3363f49.webp\",\"contentUrl\":\"https:\/\/blog.armurerie-france.fr\/blog\/wordpress\/wp-content\/uploads\/2025\/07\/croppedimage-08459fbff8cb4f048cf2613aa3363f49.webp\",\"width\":918,\"height\":240,\"caption\":\"Logo de l'UFA Armes symbolisant la justice et la loi.\"},{\"@type\":\"BreadcrumbList\",\"@id\":\"https:\/\/blog.armurerie-france.fr\/blog\/wordpress\/poudre-noire\/#breadcrumb\",\"itemListElement\":[{\"@type\":\"ListItem\",\"position\":1,\"name\":\"Accueil\",\"item\":\"https:\/\/blog.armurerie-france.fr\/blog\/wordpress\/\"},{\"@type\":\"ListItem\",\"position\":2,\"name\":\"R\u00e9pliques \u00e0 Poudre Noire : V\u00e9rit\u00e9 et Fake News \u2013 Merci \u00e0 l\u2019UFA pour la Mise au Point\"}]},{\"@type\":\"WebSite\",\"@id\":\"https:\/\/blog.armurerie-france.fr\/blog\/wordpress\/#website\",\"url\":\"https:\/\/blog.armurerie-france.fr\/blog\/wordpress\/\",\"name\":\"Blog Armurerie France\",\"description\":\"\",\"publisher\":{\"@id\":\"https:\/\/blog.armurerie-france.fr\/blog\/wordpress\/#organization\"},\"potentialAction\":[{\"@type\":\"SearchAction\",\"target\":{\"@type\":\"EntryPoint\",\"urlTemplate\":\"https:\/\/blog.armurerie-france.fr\/blog\/wordpress\/?s={search_term_string}\"},\"query-input\":{\"@type\":\"PropertyValueSpecification\",\"valueRequired\":true,\"valueName\":\"search_term_string\"}}],\"inLanguage\":\"en-US\"},{\"@type\":\"Organization\",\"@id\":\"https:\/\/blog.armurerie-france.fr\/blog\/wordpress\/#organization\",\"name\":\"Blog Armurerie France\",\"url\":\"https:\/\/blog.armurerie-france.fr\/blog\/wordpress\/\",\"logo\":{\"@type\":\"ImageObject\",\"inLanguage\":\"en-US\",\"@id\":\"https:\/\/blog.armurerie-france.fr\/blog\/wordpress\/#\/schema\/logo\/image\/\",\"url\":\"https:\/\/blog.armurerie-france.fr\/blog\/wordpress\/wp-content\/uploads\/2025\/02\/telechargement.png\",\"contentUrl\":\"https:\/\/blog.armurerie-france.fr\/blog\/wordpress\/wp-content\/uploads\/2025\/02\/telechargement.png\",\"width\":28,\"height\":28,\"caption\":\"Blog Armurerie France\"},\"image\":{\"@id\":\"https:\/\/blog.armurerie-france.fr\/blog\/wordpress\/#\/schema\/logo\/image\/\"},\"sameAs\":[\"https:\/\/simac.fr\/\",\"https:\/\/europarm.fr\/\"]},{\"@type\":\"Person\",\"@id\":\"https:\/\/blog.armurerie-france.fr\/blog\/wordpress\/#\/schema\/person\/8ab1480d2edb3f065f3433ffbd627c89\",\"name\":\"Anthony\",\"image\":{\"@type\":\"ImageObject\",\"inLanguage\":\"en-US\",\"@id\":\"https:\/\/secure.gravatar.com\/avatar\/b592a36d0ecddd6566633c5ac8672c9592500464de22ae4e77d4bc9adcbc3d38?s=96&d=mm&r=g\",\"url\":\"https:\/\/secure.gravatar.com\/avatar\/b592a36d0ecddd6566633c5ac8672c9592500464de22ae4e77d4bc9adcbc3d38?s=96&d=mm&r=g\",\"contentUrl\":\"https:\/\/secure.gravatar.com\/avatar\/b592a36d0ecddd6566633c5ac8672c9592500464de22ae4e77d4bc9adcbc3d38?s=96&d=mm&r=g\",\"caption\":\"Anthony\"},\"url\":\"https:\/\/blog.armurerie-france.fr\/blog\/wordpress\/en\/author\/anthony\/\"}]}<\/script>\n<!-- \/ Yoast SEO plugin. -->","yoast_head_json":{"title":"R\u00e9pliques \u00e0 Poudre Noire : V\u00e9rit\u00e9 et Fake News \u2013 Merci \u00e0 l\u2019UFA pour la Mise au Point -","robots":{"index":"index","follow":"follow","max-snippet":"max-snippet:-1","max-image-preview":"max-image-preview:large","max-video-preview":"max-video-preview:-1"},"canonical":"https:\/\/blog.armurerie-france.fr\/blog\/wordpress\/en\/poudre-noire\/","og_locale":"en_US","og_type":"article","og_title":"R\u00e9pliques \u00e0 Poudre Noire : V\u00e9rit\u00e9 et Fake News \u2013 Merci \u00e0 l\u2019UFA pour la Mise au Point -","og_description":"Quand l\u2019intox s\u00e8me le trouble chez les amateurs d\u2019armes Dans le monde des r\u00e9pliques d\u2019armes [&hellip;]","og_url":"https:\/\/blog.armurerie-france.fr\/blog\/wordpress\/en\/poudre-noire\/","article_published_time":"2025-07-08T12:29:32+00:00","article_modified_time":"2025-12-17T15:29:29+00:00","og_image":[{"width":918,"height":240,"url":"https:\/\/blog.armurerie-france.fr\/blog\/wordpress\/wp-content\/uploads\/2025\/07\/croppedimage-08459fbff8cb4f048cf2613aa3363f49.webp","type":"image\/webp"}],"author":"Anthony","twitter_card":"summary_large_image","twitter_misc":{"Written by":"Anthony","Est. reading time":"3 minutes"},"schema":{"@context":"https:\/\/schema.org","@graph":[{"@type":"Article","@id":"https:\/\/blog.armurerie-france.fr\/blog\/wordpress\/poudre-noire\/#article","isPartOf":{"@id":"https:\/\/blog.armurerie-france.fr\/blog\/wordpress\/poudre-noire\/"},"author":{"name":"Anthony","@id":"https:\/\/blog.armurerie-france.fr\/blog\/wordpress\/#\/schema\/person\/8ab1480d2edb3f065f3433ffbd627c89"},"headline":"R\u00e9pliques \u00e0 Poudre Noire : V\u00e9rit\u00e9 et Fake News \u2013 Merci \u00e0 l\u2019UFA pour la Mise au Point","datePublished":"2025-07-08T12:29:32+00:00","dateModified":"2025-12-17T15:29:29+00:00","mainEntityOfPage":{"@id":"https:\/\/blog.armurerie-france.fr\/blog\/wordpress\/poudre-noire\/"},"wordCount":565,"commentCount":0,"publisher":{"@id":"https:\/\/blog.armurerie-france.fr\/blog\/wordpress\/#organization"},"image":{"@id":"https:\/\/blog.armurerie-france.fr\/blog\/wordpress\/poudre-noire\/#primaryimage"},"thumbnailUrl":"https:\/\/blog.armurerie-france.fr\/blog\/wordpress\/wp-content\/uploads\/2025\/07\/croppedimage-08459fbff8cb4f048cf2613aa3363f49.webp","articleSection":["R\u00e9glementation et l\u00e9gislation","R\u00e9glementation et s\u00e9curit\u00e9","Tir sportif"],"inLanguage":"en-US","potentialAction":[{"@type":"CommentAction","name":"Comment","target":["https:\/\/blog.armurerie-france.fr\/blog\/wordpress\/poudre-noire\/#respond"]}]},{"@type":"WebPage","@id":"https:\/\/blog.armurerie-france.fr\/blog\/wordpress\/poudre-noire\/","url":"https:\/\/blog.armurerie-france.fr\/blog\/wordpress\/poudre-noire\/","name":"R\u00e9pliques \u00e0 Poudre Noire : V\u00e9rit\u00e9 et Fake News \u2013 Merci \u00e0 l\u2019UFA pour la Mise au Point -","isPartOf":{"@id":"https:\/\/blog.armurerie-france.fr\/blog\/wordpress\/#website"},"primaryImageOfPage":{"@id":"https:\/\/blog.armurerie-france.fr\/blog\/wordpress\/poudre-noire\/#primaryimage"},"image":{"@id":"https:\/\/blog.armurerie-france.fr\/blog\/wordpress\/poudre-noire\/#primaryimage"},"thumbnailUrl":"https:\/\/blog.armurerie-france.fr\/blog\/wordpress\/wp-content\/uploads\/2025\/07\/croppedimage-08459fbff8cb4f048cf2613aa3363f49.webp","datePublished":"2025-07-08T12:29:32+00:00","dateModified":"2025-12-17T15:29:29+00:00","breadcrumb":{"@id":"https:\/\/blog.armurerie-france.fr\/blog\/wordpress\/poudre-noire\/#breadcrumb"},"inLanguage":"en-US","potentialAction":[{"@type":"ReadAction","target":["https:\/\/blog.armurerie-france.fr\/blog\/wordpress\/poudre-noire\/"]}]},{"@type":"ImageObject","inLanguage":"en-US","@id":"https:\/\/blog.armurerie-france.fr\/blog\/wordpress\/poudre-noire\/#primaryimage","url":"https:\/\/blog.armurerie-france.fr\/blog\/wordpress\/wp-content\/uploads\/2025\/07\/croppedimage-08459fbff8cb4f048cf2613aa3363f49.webp","contentUrl":"https:\/\/blog.armurerie-france.fr\/blog\/wordpress\/wp-content\/uploads\/2025\/07\/croppedimage-08459fbff8cb4f048cf2613aa3363f49.webp","width":918,"height":240,"caption":"Logo de l'UFA Armes symbolisant la justice et la loi."},{"@type":"BreadcrumbList","@id":"https:\/\/blog.armurerie-france.fr\/blog\/wordpress\/poudre-noire\/#breadcrumb","itemListElement":[{"@type":"ListItem","position":1,"name":"Accueil","item":"https:\/\/blog.armurerie-france.fr\/blog\/wordpress\/"},{"@type":"ListItem","position":2,"name":"R\u00e9pliques \u00e0 Poudre Noire : V\u00e9rit\u00e9 et Fake News \u2013 Merci \u00e0 l\u2019UFA pour la Mise au Point"}]},{"@type":"WebSite","@id":"https:\/\/blog.armurerie-france.fr\/blog\/wordpress\/#website","url":"https:\/\/blog.armurerie-france.fr\/blog\/wordpress\/","name":"Blog Armurerie France","description":"","publisher":{"@id":"https:\/\/blog.armurerie-france.fr\/blog\/wordpress\/#organization"},"potentialAction":[{"@type":"SearchAction","target":{"@type":"EntryPoint","urlTemplate":"https:\/\/blog.armurerie-france.fr\/blog\/wordpress\/?s={search_term_string}"},"query-input":{"@type":"PropertyValueSpecification","valueRequired":true,"valueName":"search_term_string"}}],"inLanguage":"en-US"},{"@type":"Organization","@id":"https:\/\/blog.armurerie-france.fr\/blog\/wordpress\/#organization","name":"Blog Armurerie France","url":"https:\/\/blog.armurerie-france.fr\/blog\/wordpress\/","logo":{"@type":"ImageObject","inLanguage":"en-US","@id":"https:\/\/blog.armurerie-france.fr\/blog\/wordpress\/#\/schema\/logo\/image\/","url":"https:\/\/blog.armurerie-france.fr\/blog\/wordpress\/wp-content\/uploads\/2025\/02\/telechargement.png","contentUrl":"https:\/\/blog.armurerie-france.fr\/blog\/wordpress\/wp-content\/uploads\/2025\/02\/telechargement.png","width":28,"height":28,"caption":"Blog Armurerie France"},"image":{"@id":"https:\/\/blog.armurerie-france.fr\/blog\/wordpress\/#\/schema\/logo\/image\/"},"sameAs":["https:\/\/simac.fr\/","https:\/\/europarm.fr\/"]},{"@type":"Person","@id":"https:\/\/blog.armurerie-france.fr\/blog\/wordpress\/#\/schema\/person\/8ab1480d2edb3f065f3433ffbd627c89","name":"Anthony","image":{"@type":"ImageObject","inLanguage":"en-US","@id":"https:\/\/secure.gravatar.com\/avatar\/b592a36d0ecddd6566633c5ac8672c9592500464de22ae4e77d4bc9adcbc3d38?s=96&d=mm&r=g","url":"https:\/\/secure.gravatar.com\/avatar\/b592a36d0ecddd6566633c5ac8672c9592500464de22ae4e77d4bc9adcbc3d38?s=96&d=mm&r=g","contentUrl":"https:\/\/secure.gravatar.com\/avatar\/b592a36d0ecddd6566633c5ac8672c9592500464de22ae4e77d4bc9adcbc3d38?s=96&d=mm&r=g","caption":"Anthony"},"url":"https:\/\/blog.armurerie-france.fr\/blog\/wordpress\/en\/author\/anthony\/"}]}},"_links":{"self":[{"href":"https:\/\/blog.armurerie-france.fr\/blog\/wordpress\/en\/wp-json\/wp\/v2\/posts\/1116","targetHints":{"allow":["GET"]}}],"collection":[{"href":"https:\/\/blog.armurerie-france.fr\/blog\/wordpress\/en\/wp-json\/wp\/v2\/posts"}],"about":[{"href":"https:\/\/blog.armurerie-france.fr\/blog\/wordpress\/en\/wp-json\/wp\/v2\/types\/post"}],"author":[{"embeddable":true,"href":"https:\/\/blog.armurerie-france.fr\/blog\/wordpress\/en\/wp-json\/wp\/v2\/users\/8"}],"replies":[{"embeddable":true,"href":"https:\/\/blog.armurerie-france.fr\/blog\/wordpress\/en\/wp-json\/wp\/v2\/comments?post=1116"}],"version-history":[{"count":4,"href":"https:\/\/blog.armurerie-france.fr\/blog\/wordpress\/en\/wp-json\/wp\/v2\/posts\/1116\/revisions"}],"predecessor-version":[{"id":1158,"href":"https:\/\/blog.armurerie-france.fr\/blog\/wordpress\/en\/wp-json\/wp\/v2\/posts\/1116\/revisions\/1158"}],"wp:featuredmedia":[{"embeddable":true,"href":"https:\/\/blog.armurerie-france.fr\/blog\/wordpress\/en\/wp-json\/wp\/v2\/media\/1118"}],"wp:attachment":[{"href":"https:\/\/blog.armurerie-france.fr\/blog\/wordpress\/en\/wp-json\/wp\/v2\/media?parent=1116"}],"wp:term":[{"taxonomy":"category","embeddable":true,"href":"https:\/\/blog.armurerie-france.fr\/blog\/wordpress\/en\/wp-json\/wp\/v2\/categories?post=1116"},{"taxonomy":"post_tag","embeddable":true,"href":"https:\/\/blog.armurerie-france.fr\/blog\/wordpress\/en\/wp-json\/wp\/v2\/tags?post=1116"}],"curies":[{"name":"wp","href":"https:\/\/api.w.org\/{rel}","templated":true}]}}