{"id":326,"date":"2025-05-13T09:10:46","date_gmt":"2025-05-13T07:10:46","guid":{"rendered":"https:\/\/blog.armurerie-france.fr\/blog\/wordpress\/?p=326"},"modified":"2025-05-27T08:43:34","modified_gmt":"2025-05-27T06:43:34","slug":"vetements-de-chasse-hiver","status":"publish","type":"post","link":"https:\/\/blog.armurerie-france.fr\/blog\/wordpress\/vetements-de-chasse-hiver\/","title":{"rendered":"V\u00eatements de chasse : 5 choix ultimes pour l\u2019hiver"},"content":{"rendered":"\n<p>L&rsquo;hiver est une saison exigeante pour les chasseurs. Froid piquant, humidit\u00e9 persistante, vent tranchant\u2026 Pour continuer \u00e0 pratiquer dans les meilleures conditions, il est essentiel de choisir les&nbsp;<strong>v\u00eatements de chasse<\/strong>&nbsp;les plus adapt\u00e9s. Et tout commence par le choix des mati\u00e8res. Entre tradition et innovations textiles, voici les tissus \u00e0 privil\u00e9gier pour rester au chaud sans compromettre votre libert\u00e9 de mouvement.<\/p>\n\n\n\n<p><\/p>\n\n\n\n<h2 class=\"wp-block-heading\">Laine M\u00e9rinos : la mati\u00e8re naturelle id\u00e9ale pour les v\u00eatements de chasse<\/h2>\n\n\n\n<figure class=\"wp-block-image size-large\"><img decoding=\"async\" width=\"1024\" height=\"640\" src=\"https:\/\/blog.armurerie-france.fr\/blog\/wordpress\/wp-content\/uploads\/2025\/05\/Laine-Merinos-1024x640.jpg\" alt=\"Fibres de laine m\u00e9rinos brute, mati\u00e8re naturelle isolante utilis\u00e9e dans les v\u00eatements techniques\" class=\"wp-image-587\" srcset=\"https:\/\/blog.armurerie-france.fr\/blog\/wordpress\/wp-content\/uploads\/2025\/05\/Laine-Merinos-1024x640.jpg 1024w, https:\/\/blog.armurerie-france.fr\/blog\/wordpress\/wp-content\/uploads\/2025\/05\/Laine-Merinos-300x187.jpg 300w, https:\/\/blog.armurerie-france.fr\/blog\/wordpress\/wp-content\/uploads\/2025\/05\/Laine-Merinos-768x480.jpg 768w, https:\/\/blog.armurerie-france.fr\/blog\/wordpress\/wp-content\/uploads\/2025\/05\/Laine-Merinos-1536x960.jpg 1536w, https:\/\/blog.armurerie-france.fr\/blog\/wordpress\/wp-content\/uploads\/2025\/05\/Laine-Merinos-18x12.jpg 18w, https:\/\/blog.armurerie-france.fr\/blog\/wordpress\/wp-content\/uploads\/2025\/05\/Laine-Merinos.jpg 1687w\" sizes=\"(max-width: 1024px) 100vw, 1024px\" \/><figcaption class=\"wp-element-caption\"><em>Gros plan sur de la laine m\u00e9rinos : une mati\u00e8re douce, chaude et respirante, id\u00e9ale en premi\u00e8re couche pour la chasse hivernale.<\/em><\/figcaption><\/figure>\n\n\n\n<p>La&nbsp;<strong>laine m\u00e9rinos<\/strong>&nbsp;provient de moutons \u00e9lev\u00e9s principalement en Nouvelle-Z\u00e9lande et en Australie. Elle se distingue par ses fibres tr\u00e8s fines et ondul\u00e9es, bien plus douces que la laine classique. Cette mati\u00e8re naturelle est largement utilis\u00e9e dans les sous-v\u00eatements techniques de chasse pour sa chaleur et sa capacit\u00e9 \u00e0 <strong>r\u00e9guler l\u2019humidit\u00e9<\/strong>.<\/p>\n\n\n\n<h3 class=\"wp-block-heading\">Avantages<\/h3>\n\n\n\n<ul class=\"wp-block-list\">\n<li>Excellente isolation thermique, m\u00eame humide<\/li>\n\n\n\n<li>R\u00e9gulation naturelle de la temp\u00e9rature corporelle<\/li>\n\n\n\n<li>Anti-odeurs naturelle, id\u00e9ale pour les longues sorties<\/li>\n\n\n\n<li>Tr\u00e8s confortable, m\u00eame en contact direct avec la peau<\/li>\n<\/ul>\n\n\n\n<h3 class=\"wp-block-heading\">Inconv\u00e9nients<\/h3>\n\n\n\n<ul class=\"wp-block-list\">\n<li>Prix plus \u00e9lev\u00e9 que les fibres synth\u00e9tiques<\/li>\n\n\n\n<li>Moins r\u00e9sistante \u00e0 l\u2019abrasion, n\u00e9cessite soin au lavage<\/li>\n<\/ul>\n\n\n\n<h3 class=\"wp-block-heading\">Conseils d\u2019usage<\/h3>\n\n\n\n<p>La laine m\u00e9rinos est id\u00e9ale comme <strong>premi\u00e8re couche thermique<\/strong> pour les longues journ\u00e9es de chasse hivernale. Parfaite pour les aff\u00fbts statiques ou les battues froides, elle offre une chaleur constante tout en g\u00e9rant efficacement l\u2019humidit\u00e9 corporelle. Elle se porte sous une polaire ou une softshell, mais ne remplace pas une couche coupe-vent ou imperm\u00e9able.<\/p>\n\n\n\n<h3 class=\"wp-block-heading\">Conseil d\u2019entretien<\/h3>\n\n\n\n<p>Lavez vos v\u00eatements de chasse en <strong>laine m\u00e9rinos<\/strong> \u00e0 basse temp\u00e9rature (30\u202f\u00b0C maximum) avec un programme laine ou d\u00e9licat. Utilisez une lessive douce sans adoucissant. S\u00e9chez \u00e0 plat \u00e0 l\u2019air libre pour \u00e9viter le r\u00e9tr\u00e9cissement. <strong>\u00c9vitez le s\u00e8che-linge<\/strong>.<\/p>\n\n\n\n<p><\/p>\n\n\n\n<h2 class=\"wp-block-heading\">Polaire : le choix l\u00e9ger et chaud pour vos tenues de chasse hivernales<\/h2>\n\n\n\n<p>La&nbsp;<strong>polaire<\/strong>&nbsp;est une fibre synth\u00e9tique (g\u00e9n\u00e9ralement en <strong>polyester<\/strong>) con\u00e7ue pour imiter les propri\u00e9t\u00e9s isolantes de la laine, tout en \u00e9tant plus l\u00e9g\u00e8re. Elle est tr\u00e8s courante comme couche interm\u00e9diaire dans les <strong>v\u00eatements de chasse<\/strong> hivernaux.<\/p>\n\n\n\n<figure class=\"wp-block-image size-full\"><img decoding=\"async\" width=\"1000\" height=\"667\" src=\"https:\/\/blog.armurerie-france.fr\/blog\/wordpress\/wp-content\/uploads\/2025\/05\/vestes-polaires.png\" alt=\"Vestes polaires de chasse en diff\u00e9rentes teintes de vert, accroch\u00e9es sur cintres\" class=\"wp-image-589\" srcset=\"https:\/\/blog.armurerie-france.fr\/blog\/wordpress\/wp-content\/uploads\/2025\/05\/vestes-polaires.png 1000w, https:\/\/blog.armurerie-france.fr\/blog\/wordpress\/wp-content\/uploads\/2025\/05\/vestes-polaires-300x200.png 300w, https:\/\/blog.armurerie-france.fr\/blog\/wordpress\/wp-content\/uploads\/2025\/05\/vestes-polaires-768x512.png 768w, https:\/\/blog.armurerie-france.fr\/blog\/wordpress\/wp-content\/uploads\/2025\/05\/vestes-polaires-18x12.png 18w\" sizes=\"(max-width: 1000px) 100vw, 1000px\" \/><figcaption class=\"wp-element-caption\"><em>S\u00e9lection de vestes polaires pour la chasse : chaleur, confort et respirabilit\u00e9 au rendez-vous pour l\u2019hiver.<\/em><\/figcaption><\/figure>\n\n\n\n<h3 class=\"wp-block-heading\">Avantages<\/h3>\n\n\n\n<ul class=\"wp-block-list\">\n<li>L\u00e9g\u00e8re et respirante<\/li>\n\n\n\n<li>S\u00e8che tr\u00e8s rapidement<\/li>\n\n\n\n<li>Bon rapport chaleur\/poids<\/li>\n\n\n\n<li>Facile d\u2019entretien<\/li>\n<\/ul>\n\n\n\n<h3 class=\"wp-block-heading\">Inconv\u00e9nients<\/h3>\n\n\n\n<ul class=\"wp-block-list\">\n<li>Moins performante en cas de vent (non coupe-vent)<\/li>\n\n\n\n<li>Peut g\u00e9n\u00e9rer de l\u2019\u00e9lectricit\u00e9 statique<\/li>\n<\/ul>\n\n\n\n<h3 class=\"wp-block-heading\">Conseils d\u2019usage<\/h3>\n\n\n\n<h3 class=\"wp-block-heading\">Cas d\u2019usage<\/h3>\n\n\n\n<p>La polaire convient parfaitement comme <strong>couche interm\u00e9diaire isolante<\/strong>, entre un sous-v\u00eatement technique et une veste ext\u00e9rieure. Elle est tr\u00e8s utile pour les <strong>chasses en poste<\/strong>, les battues ou les approches en temps sec et froid. Facile \u00e0 enfiler ou \u00e0 retirer selon l\u2019intensit\u00e9 de l\u2019activit\u00e9, elle assure un bon compromis entre <strong>chaleur et l\u00e9g\u00e8ret\u00e9<\/strong>.<\/p>\n\n\n\n<h3 class=\"wp-block-heading\">Conseil d\u2019entretien<\/h3>\n\n\n\n<p>La polaire se lave facilement en machine \u00e0 30 ou 40\u202f\u00b0C. \u00c9vitez l\u2019adoucissant qui diminue la respirabilit\u00e9. <strong>S\u00e9chage \u00e0 l\u2019air libre<\/strong> recommand\u00e9, mais le s\u00e8che-linge est possible \u00e0 basse temp\u00e9rature. <strong>Ne pas repasser<\/strong>.<\/p>\n\n\n\n<p><\/p>\n\n\n\n<h2 class=\"wp-block-heading\">Membranes techniques : imperm\u00e9abilit\u00e9 et confort pour v\u00eatements de chasse d&rsquo;hiver<\/h2>\n\n\n\n<p><\/p>\n\n\n\n<p>Les&nbsp;<strong>membranes techniques<\/strong>&nbsp;comme le Gore-Tex ou le Deer-Tex sont des tissus multicouches avec un film microporeux int\u00e9gr\u00e9. Elles permettent d\u2019assurer une protection imperm\u00e9able tout en restant respirantes. Id\u00e9ales pour les vestes et pantalons ext\u00e9rieurs.<\/p>\n\n\n\n<p><strong>Gore-Tex<\/strong> est une membrane d\u00e9velopp\u00e9e par l\u2019entreprise am\u00e9ricaine W. L. Gore &amp; Associates. Elle est mondialement reconnue pour ses performances et est utilis\u00e9e dans de nombreuses marques premium, y compris en montagne, randonn\u00e9e et chasse.<\/p>\n\n\n\n<figure class=\"wp-block-image size-full\"><img decoding=\"async\" width=\"1000\" height=\"667\" src=\"https:\/\/blog.armurerie-france.fr\/blog\/wordpress\/wp-content\/uploads\/2025\/05\/Gore-tex.png\" alt=\"Gouttes d\u2019eau sur tissu Gore-Tex, illustrant son imperm\u00e9abilit\u00e9\" class=\"wp-image-592\" srcset=\"https:\/\/blog.armurerie-france.fr\/blog\/wordpress\/wp-content\/uploads\/2025\/05\/Gore-tex.png 1000w, https:\/\/blog.armurerie-france.fr\/blog\/wordpress\/wp-content\/uploads\/2025\/05\/Gore-tex-300x200.png 300w, https:\/\/blog.armurerie-france.fr\/blog\/wordpress\/wp-content\/uploads\/2025\/05\/Gore-tex-768x512.png 768w, https:\/\/blog.armurerie-france.fr\/blog\/wordpress\/wp-content\/uploads\/2025\/05\/Gore-tex-18x12.png 18w\" sizes=\"(max-width: 1000px) 100vw, 1000px\" \/><figcaption class=\"wp-element-caption\"><em>Gros plan sur une veste en Gore-Tex : une membrane technique imperm\u00e9able et respirante, id\u00e9ale pour les v\u00eatements de chasse hivernaux.<\/em><\/figcaption><\/figure>\n\n\n\n<p><strong>Deer-Tex<\/strong> est une membrane exclusive \u00e0 la marque danoise <strong>Deerhunter<\/strong>, sp\u00e9cialis\u00e9e dans les v\u00eatements de chasse. Moins connue du grand public, elle a \u00e9t\u00e9 con\u00e7ue sp\u00e9cifiquement pour r\u00e9pondre aux besoins du chasseur europ\u00e9en.<\/p>\n\n\n\n<h3 class=\"wp-block-heading\">Avantages<\/h3>\n\n\n\n<ul class=\"wp-block-list\">\n<li><strong>Imperm\u00e9abilit\u00e9 totale<\/strong> \u00e0 la pluie et \u00e0 la neige<\/li>\n\n\n\n<li><strong>Respirabilit\u00e9<\/strong> qui limite la condensation interne<\/li>\n\n\n\n<li><strong>Protection coupe-vent<\/strong> efficace<\/li>\n\n\n\n<li><strong>L\u00e9g\u00e8ret\u00e9<\/strong> et libert\u00e9 de mouvement<\/li>\n<\/ul>\n\n\n\n<h3 class=\"wp-block-heading\">Inconv\u00e9nients<\/h3>\n\n\n\n<ul class=\"wp-block-list\">\n<li>Prix souvent \u00e9lev\u00e9<\/li>\n\n\n\n<li>Peut perdre en efficacit\u00e9 si mal entretenue<\/li>\n<\/ul>\n\n\n\n<h3 class=\"wp-block-heading\">Conseils d\u2019usage<\/h3>\n\n\n\n<p>Les membranes techniques comme Gore-Tex ou Deer-Tex sont incontournables pour les <strong>vestes et pantalons de protection<\/strong> lors de chasses en conditions humides, venteuses ou neigeuses. Elles sont \u00e0 privil\u00e9gier en couche externe pour les chasseurs qui restent expos\u00e9s longtemps, notamment \u00e0 l\u2019aff\u00fbt ou en battue. Leur imperm\u00e9abilit\u00e9 fait la diff\u00e9rence sous la pluie soutenue ou dans les zones mar\u00e9cageuses.<\/p>\n\n\n\n<h3 class=\"wp-block-heading\">Conseil d\u2019entretien<\/h3>\n\n\n\n<p><strong>Lavez en machine \u00e0 30-40\u202f\u00b0C<\/strong> avec une lessive liquide sans assouplissant ni javel. Rincez bien. Pour r\u00e9activer la d\u00e9perlance, un <strong>passage bref au s\u00e8che-linge<\/strong> \u00e0 basse temp\u00e9rature est conseill\u00e9. Pensez \u00e0 r\u00e9imperm\u00e9abiliser r\u00e9guli\u00e8rement.<\/p>\n\n\n\n<p><\/p>\n\n\n\n<h2 class=\"wp-block-heading\">Coton cir\u00e9 : robustesse et tradition dans les v\u00eatements de chasse<\/h2>\n\n\n\n<p>Le&nbsp;<strong>coton cir\u00e9<\/strong>&nbsp;ou huil\u00e9 est un tissu naturel rendu d\u00e9perlant par un traitement \u00e0 la cire ou \u00e0 l\u2019huile. Tr\u00e8s appr\u00e9ci\u00e9 pour son look traditionnel et sa robustesse, on le retrouve souvent sur les vestes de chasse classique ou les pantalons renforc\u00e9s.<\/p>\n\n\n\n<h3 class=\"wp-block-heading\">Avantages<\/h3>\n\n\n\n<ul class=\"wp-block-list\">\n<li><strong>Tr\u00e8s r\u00e9sistant <\/strong>\u00e0 l\u2019abrasion<\/li>\n\n\n\n<li><strong>Bonne protection contre l\u2019humidit\u00e9 <\/strong>l\u00e9g\u00e8re et le vent<\/li>\n\n\n\n<li><strong>Aspect traditionnel<\/strong> et discret<\/li>\n<\/ul>\n\n\n\n<h3 class=\"wp-block-heading\">Inconv\u00e9nients<\/h3>\n\n\n\n<ul class=\"wp-block-list\">\n<li>Moins respirant que les membranes modernes<\/li>\n\n\n\n<li>Poids plus \u00e9lev\u00e9<\/li>\n\n\n\n<li>Entretien sp\u00e9cifique n\u00e9cessaire pour conserver l\u2019imperm\u00e9abilit\u00e9<\/li>\n<\/ul>\n\n\n\n<p><strong>A privil\u00e9gier pour les vestes de chasse ou les pantalons.<\/strong><\/p>\n\n\n\n<h3 class=\"wp-block-heading\">Conseil d&rsquo;usage<\/h3>\n\n\n\n<p>Le coton cir\u00e9 s\u2019utilise surtout pour des <strong>vestes traditionnelles longues, capes ou pantalons robustes<\/strong>. Il est bien adapt\u00e9 aux chasses en for\u00eat, dans les milieux broussailleux ou lors de battues o\u00f9 la r\u00e9sistance \u00e0 l\u2019abrasion est primordiale. \u00c0 privil\u00e9gier par temps sec ou mod\u00e9r\u00e9ment humide, il apporte un confort rustique appr\u00e9ci\u00e9 des chasseurs de grand gibier.<\/p>\n\n\n\n<h3 class=\"wp-block-heading\">Conseil d\u2019entretien<\/h3>\n\n\n\n<p>Ne pas laver en machine. Nettoyez \u00e0 l\u2019aide d\u2019un <strong>chiffon humide<\/strong> ou d\u2019une brosse douce. \u00c9vitez toute source de chaleur directe. R\u00e9appliquez de la <strong>cire imperm\u00e9abilisante<\/strong> sp\u00e9cifique une \u00e0 deux fois par an pour maintenir les propri\u00e9t\u00e9s d\u00e9perlantes.<\/p>\n\n\n\n<p><\/p>\n\n\n\n<h2 class=\"wp-block-heading\">Softshell : souplesse et protection active pour vos v\u00eatements de chasse<\/h2>\n\n\n\n<p>Le&nbsp;<strong>softshell<\/strong>&nbsp;est un tissu technique compos\u00e9 g\u00e9n\u00e9ralement de plusieurs couches : une couche ext\u00e9rieure r\u00e9sistante et d\u00e9perlante, une membrane respirante au centre, et un int\u00e9rieur doux et isolant. Il est pens\u00e9 pour les chasseurs actifs qui recherchent un bon compromis entre protection et libert\u00e9 de mouvement.<\/p>\n\n\n\n<h3 class=\"wp-block-heading\">Avantages<\/h3>\n\n\n\n<ul class=\"wp-block-list\">\n<li>Tr\u00e8s bonne libert\u00e9 de mouvement gr\u00e2ce \u00e0 sa souplesse<\/li>\n\n\n\n<li>Coupe-vent efficace et d\u00e9perlant en surface<\/li>\n\n\n\n<li>Confortable \u00e0 porter sans superposition excessive<\/li>\n\n\n\n<li>Silencieux : id\u00e9al pour l\u2019approche<\/li>\n<\/ul>\n\n\n\n<h3 class=\"wp-block-heading\">Inconv\u00e9nients<\/h3>\n\n\n\n<ul class=\"wp-block-list\">\n<li>Moins imperm\u00e9able que les membranes type Gore-Tex<\/li>\n\n\n\n<li>Moins chaud qu\u2019une couche \u00e9paisse ou doubl\u00e9e<\/li>\n<\/ul>\n\n\n\n<h3 class=\"wp-block-heading\">Conseil d&rsquo;usage<\/h3>\n\n\n\n<p>Le softshell est principalement utilis\u00e9 pour confectionner des <strong>vestes de chasse l\u00e9g\u00e8res, pantalons souples, gilets techniques<\/strong> ou encore des blousons coupe-vent silencieux. Il convient parfaitement aux tenues port\u00e9es en couche interm\u00e9diaire ou externe pour les chasses dynamiques, notamment \u00e0 l\u2019approche ou en terrain accident\u00e9.<\/p>\n\n\n\n<p>Le softshell est id\u00e9al pour les <strong>chasses actives en conditions froides et s\u00e8ches<\/strong> : approche, traque, chasse en plaine ou en montagne. Gr\u00e2ce \u00e0 sa souplesse et son silence, il convient parfaitement aux situations n\u00e9cessitant mobilit\u00e9 et discr\u00e9tion. En revanche, il est \u00e0 \u00e9viter sous pluie soutenue sans couche imperm\u00e9able compl\u00e9mentaire.<\/p>\n\n\n\n<h3 class=\"wp-block-heading\">Conseil d\u2019entretien<\/h3>\n\n\n\n<p>Privil\u00e9giez un lavage en machine \u00e0 30\u202f\u00b0C avec une lessive douce. \u00c9vitez l\u2019adoucissant qui bouche les membranes. S\u00e9chage \u00e0 l\u2019air libre conseill\u00e9. Si besoin, repassez \u00e0 basse temp\u00e9rature pour raviver la d\u00e9perlance.<\/p>\n\n\n\n<p><\/p>\n\n\n\n<h2 class=\"wp-block-heading\">Le bon combo pour l\u2019hiver : la r\u00e8gle des 3 couches<\/h2>\n\n\n\n<ol class=\"wp-block-list\">\n<li><strong>Premi\u00e8re couche (respirante)<\/strong> : laine m\u00e9rinos ou textile synth\u00e9tique.<\/li>\n\n\n\n<li><strong>Deuxi\u00e8me couche (isolante)<\/strong> : polaire ou softshell.<\/li>\n\n\n\n<li><strong>Troisi\u00e8me couche (protectrice)<\/strong> : veste imperm\u00e9able ou parka avec membrane technique.<\/li>\n<\/ol>\n\n\n\n<p>Ce syst\u00e8me permet d\u2019adapter facilement votre tenue aux changements de temp\u00e9rature ou d\u2019activit\u00e9.<\/p>\n\n\n\n<p><\/p>\n\n\n\n<h2 class=\"wp-block-heading\">Conclusion : bien s\u2019\u00e9quiper, c\u2019est mieux chasser<\/h2>\n\n\n\n<p>Face aux conditions rudes de l\u2019hiver, le choix des&nbsp;<strong>v\u00eatements de chasse<\/strong>&nbsp;ne doit rien laisser au hasard. Chaque mati\u00e8re a ses atouts : la laine m\u00e9rinos pour la chaleur, la polaire pour la l\u00e9g\u00e8ret\u00e9, les membranes pour la protection, le coton cir\u00e9 pour la robustesse et le softshell pour la souplesse. En combinant intelligemment ces tissus selon la r\u00e8gle des trois couches, vous gagnerez en confort, en discr\u00e9tion et en efficacit\u00e9 sur le terrain.<\/p>\n\n\n\n<p>Besoin de compl\u00e9ter votre tenue ou de vous \u00e9quiper pour la saison ? D\u00e9couvrez les s\u00e9lections de v\u00eatements de chasse hivernaux de nos armuriers partenaires :<\/p>\n\n\n\n<ul class=\"wp-block-list\">\n<li><a href=\"https:\/\/codebeautify.org\/LIEN_1\" target=\"_blank\" rel=\"noreferrer noopener\">Armurerie Auxerre<\/a><a href=\"https:\/\/www.armurerie-auxerre.com\/chasse\/accessoires-de-chasse\/vetements.html\" target=\"_blank\" data-type=\"link\" data-id=\"https:\/\/www.armurerie-auxerre.com\/chasse\/accessoires-de-chasse\/vetements.html\" rel=\"noreferrer noopener\"> \u2013 Rayon v\u00eatements de chasse<\/a><\/li>\n\n\n\n<li><a href=\"https:\/\/www.frankonia.fr\/textile\/Article.html\" target=\"_blank\" data-type=\"link\" data-id=\"https:\/\/www.frankonia.fr\/textile\/Article.html\" rel=\"noreferrer noopener nofollow\">Frankonia \u2013 S\u00e9lection hiver chasse<\/a><\/li>\n\n\n\n<li><a href=\"https:\/\/www.armurerie-gilles.com\/@FR-FR\/gilets-et-vestes-de-chasse_lc1220.html\" target=\"_blank\" data-type=\"link\" data-id=\"https:\/\/www.armurerie-gilles.com\/@FR-FR\/gilets-et-vestes-de-chasse_lc1220.html\" rel=\"noreferrer noopener\">Armurerie Gilles \u2013 V\u00eatements techniques et traditionnels<\/a><\/li>\n<\/ul>\n\n\n\n<p>Une bonne tenue n\u2019est pas un luxe : c\u2019est un gage de plaisir, de s\u00e9curit\u00e9 et de r\u00e9ussite pour toutes vos sorties hivernales.<\/p>\n\n\n\n<p>N&rsquo;h\u00e9sitez pas \u00e0 consulter nos divers <a href=\"https:\/\/blog.armurerie-france.fr\/blog\/wordpress\/category\/chasse\/\" data-type=\"link\" data-id=\"https:\/\/blog.armurerie-france.fr\/blog\/wordpress\/category\/chasse\/\">articles sur l&rsquo;univers de la chasse<\/a> pour en savoir plus sur ce monde passionnant.<\/p>\n","protected":false},"excerpt":{"rendered":"<p>L&rsquo;hiver est une saison exigeante pour les chasseurs. Froid piquant, humidit\u00e9 persistante, vent tranchant\u2026 Pour [&hellip;]<\/p>\n","protected":false},"author":2,"featured_media":584,"comment_status":"open","ping_status":"open","sticky":false,"template":"","format":"standard","meta":{"_acf_changed":false,"_monsterinsights_skip_tracking":false,"_monsterinsights_sitenote_active":false,"_monsterinsights_sitenote_note":"","_monsterinsights_sitenote_category":0,"footnotes":""},"categories":[55,133],"tags":[],"class_list":["post-326","post","type-post","status-publish","format-standard","has-post-thumbnail","hentry","category-chasse","category-equipements-et-accessoires-de-chasse"],"acf":[],"yoast_head":"<!-- This site is optimized with the Yoast SEO plugin v27.2 - https:\/\/yoast.com\/product\/yoast-seo-wordpress\/ -->\n<title>V\u00eatements de chasse : 5 choix ultimes pour l\u2019hiver -<\/title>\n<meta name=\"robots\" content=\"index, follow, max-snippet:-1, max-image-preview:large, max-video-preview:-1\" \/>\n<link rel=\"canonical\" href=\"https:\/\/blog.armurerie-france.fr\/blog\/wordpress\/vetements-de-chasse-hiver\/\" \/>\n<meta property=\"og:locale\" content=\"fr_FR\" \/>\n<meta property=\"og:type\" content=\"article\" \/>\n<meta property=\"og:title\" content=\"V\u00eatements de chasse : 5 choix ultimes pour l\u2019hiver -\" \/>\n<meta property=\"og:description\" content=\"L&rsquo;hiver est une saison exigeante pour les chasseurs. Froid piquant, humidit\u00e9 persistante, vent tranchant\u2026 Pour [&hellip;]\" \/>\n<meta property=\"og:url\" content=\"https:\/\/blog.armurerie-france.fr\/blog\/wordpress\/vetements-de-chasse-hiver\/\" \/>\n<meta property=\"article:published_time\" content=\"2025-05-13T07:10:46+00:00\" \/>\n<meta property=\"article:modified_time\" content=\"2025-05-27T06:43:34+00:00\" \/>\n<meta property=\"og:image\" content=\"https:\/\/blog.armurerie-france.fr\/blog\/wordpress\/wp-content\/uploads\/2025\/05\/rayon-vetements-de-chasse.png\" \/>\n\t<meta property=\"og:image:width\" content=\"1000\" \/>\n\t<meta property=\"og:image:height\" content=\"667\" \/>\n\t<meta property=\"og:image:type\" content=\"image\/png\" \/>\n<meta name=\"author\" content=\"R\u00e9mi Silvestre\" \/>\n<meta name=\"twitter:card\" content=\"summary_large_image\" \/>\n<meta name=\"twitter:label1\" content=\"\u00c9crit par\" \/>\n\t<meta name=\"twitter:data1\" content=\"R\u00e9mi Silvestre\" \/>\n\t<meta name=\"twitter:label2\" content=\"Dur\u00e9e de lecture estim\u00e9e\" \/>\n\t<meta name=\"twitter:data2\" content=\"8 minutes\" \/>\n<script type=\"application\/ld+json\" class=\"yoast-schema-graph\">{\"@context\":\"https:\/\/schema.org\",\"@graph\":[{\"@type\":\"Article\",\"@id\":\"https:\/\/blog.armurerie-france.fr\/blog\/wordpress\/vetements-de-chasse-hiver\/#article\",\"isPartOf\":{\"@id\":\"https:\/\/blog.armurerie-france.fr\/blog\/wordpress\/vetements-de-chasse-hiver\/\"},\"author\":{\"name\":\"R\u00e9mi Silvestre\",\"@id\":\"https:\/\/blog.armurerie-france.fr\/blog\/wordpress\/#\/schema\/person\/24a7d932aa2e5d91d9c586791d9135fb\"},\"headline\":\"V\u00eatements de chasse : 5 choix ultimes pour l\u2019hiver\",\"datePublished\":\"2025-05-13T07:10:46+00:00\",\"dateModified\":\"2025-05-27T06:43:34+00:00\",\"mainEntityOfPage\":{\"@id\":\"https:\/\/blog.armurerie-france.fr\/blog\/wordpress\/vetements-de-chasse-hiver\/\"},\"wordCount\":1594,\"commentCount\":0,\"publisher\":{\"@id\":\"https:\/\/blog.armurerie-france.fr\/blog\/wordpress\/#organization\"},\"image\":{\"@id\":\"https:\/\/blog.armurerie-france.fr\/blog\/wordpress\/vetements-de-chasse-hiver\/#primaryimage\"},\"thumbnailUrl\":\"https:\/\/blog.armurerie-france.fr\/blog\/wordpress\/wp-content\/uploads\/2025\/05\/rayon-vetements-de-chasse.png\",\"articleSection\":[\"Chasse\",\"\u00c9quipements et accessoires de chasse\"],\"inLanguage\":\"fr-FR\",\"potentialAction\":[{\"@type\":\"CommentAction\",\"name\":\"Comment\",\"target\":[\"https:\/\/blog.armurerie-france.fr\/blog\/wordpress\/vetements-de-chasse-hiver\/#respond\"]}]},{\"@type\":\"WebPage\",\"@id\":\"https:\/\/blog.armurerie-france.fr\/blog\/wordpress\/vetements-de-chasse-hiver\/\",\"url\":\"https:\/\/blog.armurerie-france.fr\/blog\/wordpress\/vetements-de-chasse-hiver\/\",\"name\":\"V\u00eatements de chasse : 5 choix ultimes pour l\u2019hiver -\",\"isPartOf\":{\"@id\":\"https:\/\/blog.armurerie-france.fr\/blog\/wordpress\/#website\"},\"primaryImageOfPage\":{\"@id\":\"https:\/\/blog.armurerie-france.fr\/blog\/wordpress\/vetements-de-chasse-hiver\/#primaryimage\"},\"image\":{\"@id\":\"https:\/\/blog.armurerie-france.fr\/blog\/wordpress\/vetements-de-chasse-hiver\/#primaryimage\"},\"thumbnailUrl\":\"https:\/\/blog.armurerie-france.fr\/blog\/wordpress\/wp-content\/uploads\/2025\/05\/rayon-vetements-de-chasse.png\",\"datePublished\":\"2025-05-13T07:10:46+00:00\",\"dateModified\":\"2025-05-27T06:43:34+00:00\",\"breadcrumb\":{\"@id\":\"https:\/\/blog.armurerie-france.fr\/blog\/wordpress\/vetements-de-chasse-hiver\/#breadcrumb\"},\"inLanguage\":\"fr-FR\",\"potentialAction\":[{\"@type\":\"ReadAction\",\"target\":[\"https:\/\/blog.armurerie-france.fr\/blog\/wordpress\/vetements-de-chasse-hiver\/\"]}]},{\"@type\":\"ImageObject\",\"inLanguage\":\"fr-FR\",\"@id\":\"https:\/\/blog.armurerie-france.fr\/blog\/wordpress\/vetements-de-chasse-hiver\/#primaryimage\",\"url\":\"https:\/\/blog.armurerie-france.fr\/blog\/wordpress\/wp-content\/uploads\/2025\/05\/rayon-vetements-de-chasse.png\",\"contentUrl\":\"https:\/\/blog.armurerie-france.fr\/blog\/wordpress\/wp-content\/uploads\/2025\/05\/rayon-vetements-de-chasse.png\",\"width\":1000,\"height\":667,\"caption\":\"Un large choix de v\u00eatements de chasse : vestes camouflage, polaires techniques, tenues d\u2019hiver et accessoires en pr\u00e9sentation chez un armurier.\"},{\"@type\":\"BreadcrumbList\",\"@id\":\"https:\/\/blog.armurerie-france.fr\/blog\/wordpress\/vetements-de-chasse-hiver\/#breadcrumb\",\"itemListElement\":[{\"@type\":\"ListItem\",\"position\":1,\"name\":\"Accueil\",\"item\":\"https:\/\/blog.armurerie-france.fr\/blog\/wordpress\/\"},{\"@type\":\"ListItem\",\"position\":2,\"name\":\"V\u00eatements de chasse : 5 choix ultimes pour l\u2019hiver\"}]},{\"@type\":\"WebSite\",\"@id\":\"https:\/\/blog.armurerie-france.fr\/blog\/wordpress\/#website\",\"url\":\"https:\/\/blog.armurerie-france.fr\/blog\/wordpress\/\",\"name\":\"Blog Armurerie France\",\"description\":\"\",\"publisher\":{\"@id\":\"https:\/\/blog.armurerie-france.fr\/blog\/wordpress\/#organization\"},\"potentialAction\":[{\"@type\":\"SearchAction\",\"target\":{\"@type\":\"EntryPoint\",\"urlTemplate\":\"https:\/\/blog.armurerie-france.fr\/blog\/wordpress\/?s={search_term_string}\"},\"query-input\":{\"@type\":\"PropertyValueSpecification\",\"valueRequired\":true,\"valueName\":\"search_term_string\"}}],\"inLanguage\":\"fr-FR\"},{\"@type\":\"Organization\",\"@id\":\"https:\/\/blog.armurerie-france.fr\/blog\/wordpress\/#organization\",\"name\":\"Blog Armurerie France\",\"url\":\"https:\/\/blog.armurerie-france.fr\/blog\/wordpress\/\",\"logo\":{\"@type\":\"ImageObject\",\"inLanguage\":\"fr-FR\",\"@id\":\"https:\/\/blog.armurerie-france.fr\/blog\/wordpress\/#\/schema\/logo\/image\/\",\"url\":\"https:\/\/blog.armurerie-france.fr\/blog\/wordpress\/wp-content\/uploads\/2025\/02\/telechargement.png\",\"contentUrl\":\"https:\/\/blog.armurerie-france.fr\/blog\/wordpress\/wp-content\/uploads\/2025\/02\/telechargement.png\",\"width\":28,\"height\":28,\"caption\":\"Blog Armurerie France\"},\"image\":{\"@id\":\"https:\/\/blog.armurerie-france.fr\/blog\/wordpress\/#\/schema\/logo\/image\/\"},\"sameAs\":[\"https:\/\/simac.fr\/\",\"https:\/\/europarm.fr\/\"]},{\"@type\":\"Person\",\"@id\":\"https:\/\/blog.armurerie-france.fr\/blog\/wordpress\/#\/schema\/person\/24a7d932aa2e5d91d9c586791d9135fb\",\"name\":\"R\u00e9mi Silvestre\",\"image\":{\"@type\":\"ImageObject\",\"inLanguage\":\"fr-FR\",\"@id\":\"https:\/\/secure.gravatar.com\/avatar\/4c53ef82fa5ceda6ff704daa0486bba619386174b2171bdc714ab895ec9f9116?s=96&d=mm&r=g\",\"url\":\"https:\/\/secure.gravatar.com\/avatar\/4c53ef82fa5ceda6ff704daa0486bba619386174b2171bdc714ab895ec9f9116?s=96&d=mm&r=g\",\"contentUrl\":\"https:\/\/secure.gravatar.com\/avatar\/4c53ef82fa5ceda6ff704daa0486bba619386174b2171bdc714ab895ec9f9116?s=96&d=mm&r=g\",\"caption\":\"R\u00e9mi Silvestre\"},\"url\":\"https:\/\/blog.armurerie-france.fr\/blog\/wordpress\/author\/remi-admin\/\"}]}<\/script>\n<!-- \/ Yoast SEO plugin. -->","yoast_head_json":{"title":"V\u00eatements de chasse : 5 choix ultimes pour l\u2019hiver -","robots":{"index":"index","follow":"follow","max-snippet":"max-snippet:-1","max-image-preview":"max-image-preview:large","max-video-preview":"max-video-preview:-1"},"canonical":"https:\/\/blog.armurerie-france.fr\/blog\/wordpress\/vetements-de-chasse-hiver\/","og_locale":"fr_FR","og_type":"article","og_title":"V\u00eatements de chasse : 5 choix ultimes pour l\u2019hiver -","og_description":"L&rsquo;hiver est une saison exigeante pour les chasseurs. Froid piquant, humidit\u00e9 persistante, vent tranchant\u2026 Pour [&hellip;]","og_url":"https:\/\/blog.armurerie-france.fr\/blog\/wordpress\/vetements-de-chasse-hiver\/","article_published_time":"2025-05-13T07:10:46+00:00","article_modified_time":"2025-05-27T06:43:34+00:00","og_image":[{"width":1000,"height":667,"url":"https:\/\/blog.armurerie-france.fr\/blog\/wordpress\/wp-content\/uploads\/2025\/05\/rayon-vetements-de-chasse.png","type":"image\/png"}],"author":"R\u00e9mi Silvestre","twitter_card":"summary_large_image","twitter_misc":{"\u00c9crit par":"R\u00e9mi Silvestre","Dur\u00e9e de lecture estim\u00e9e":"8 minutes"},"schema":{"@context":"https:\/\/schema.org","@graph":[{"@type":"Article","@id":"https:\/\/blog.armurerie-france.fr\/blog\/wordpress\/vetements-de-chasse-hiver\/#article","isPartOf":{"@id":"https:\/\/blog.armurerie-france.fr\/blog\/wordpress\/vetements-de-chasse-hiver\/"},"author":{"name":"R\u00e9mi Silvestre","@id":"https:\/\/blog.armurerie-france.fr\/blog\/wordpress\/#\/schema\/person\/24a7d932aa2e5d91d9c586791d9135fb"},"headline":"V\u00eatements de chasse : 5 choix ultimes pour l\u2019hiver","datePublished":"2025-05-13T07:10:46+00:00","dateModified":"2025-05-27T06:43:34+00:00","mainEntityOfPage":{"@id":"https:\/\/blog.armurerie-france.fr\/blog\/wordpress\/vetements-de-chasse-hiver\/"},"wordCount":1594,"commentCount":0,"publisher":{"@id":"https:\/\/blog.armurerie-france.fr\/blog\/wordpress\/#organization"},"image":{"@id":"https:\/\/blog.armurerie-france.fr\/blog\/wordpress\/vetements-de-chasse-hiver\/#primaryimage"},"thumbnailUrl":"https:\/\/blog.armurerie-france.fr\/blog\/wordpress\/wp-content\/uploads\/2025\/05\/rayon-vetements-de-chasse.png","articleSection":["Chasse","\u00c9quipements et accessoires de chasse"],"inLanguage":"fr-FR","potentialAction":[{"@type":"CommentAction","name":"Comment","target":["https:\/\/blog.armurerie-france.fr\/blog\/wordpress\/vetements-de-chasse-hiver\/#respond"]}]},{"@type":"WebPage","@id":"https:\/\/blog.armurerie-france.fr\/blog\/wordpress\/vetements-de-chasse-hiver\/","url":"https:\/\/blog.armurerie-france.fr\/blog\/wordpress\/vetements-de-chasse-hiver\/","name":"V\u00eatements de chasse : 5 choix ultimes pour l\u2019hiver -","isPartOf":{"@id":"https:\/\/blog.armurerie-france.fr\/blog\/wordpress\/#website"},"primaryImageOfPage":{"@id":"https:\/\/blog.armurerie-france.fr\/blog\/wordpress\/vetements-de-chasse-hiver\/#primaryimage"},"image":{"@id":"https:\/\/blog.armurerie-france.fr\/blog\/wordpress\/vetements-de-chasse-hiver\/#primaryimage"},"thumbnailUrl":"https:\/\/blog.armurerie-france.fr\/blog\/wordpress\/wp-content\/uploads\/2025\/05\/rayon-vetements-de-chasse.png","datePublished":"2025-05-13T07:10:46+00:00","dateModified":"2025-05-27T06:43:34+00:00","breadcrumb":{"@id":"https:\/\/blog.armurerie-france.fr\/blog\/wordpress\/vetements-de-chasse-hiver\/#breadcrumb"},"inLanguage":"fr-FR","potentialAction":[{"@type":"ReadAction","target":["https:\/\/blog.armurerie-france.fr\/blog\/wordpress\/vetements-de-chasse-hiver\/"]}]},{"@type":"ImageObject","inLanguage":"fr-FR","@id":"https:\/\/blog.armurerie-france.fr\/blog\/wordpress\/vetements-de-chasse-hiver\/#primaryimage","url":"https:\/\/blog.armurerie-france.fr\/blog\/wordpress\/wp-content\/uploads\/2025\/05\/rayon-vetements-de-chasse.png","contentUrl":"https:\/\/blog.armurerie-france.fr\/blog\/wordpress\/wp-content\/uploads\/2025\/05\/rayon-vetements-de-chasse.png","width":1000,"height":667,"caption":"Un large choix de v\u00eatements de chasse : vestes camouflage, polaires techniques, tenues d\u2019hiver et accessoires en pr\u00e9sentation chez un armurier."},{"@type":"BreadcrumbList","@id":"https:\/\/blog.armurerie-france.fr\/blog\/wordpress\/vetements-de-chasse-hiver\/#breadcrumb","itemListElement":[{"@type":"ListItem","position":1,"name":"Accueil","item":"https:\/\/blog.armurerie-france.fr\/blog\/wordpress\/"},{"@type":"ListItem","position":2,"name":"V\u00eatements de chasse : 5 choix ultimes pour l\u2019hiver"}]},{"@type":"WebSite","@id":"https:\/\/blog.armurerie-france.fr\/blog\/wordpress\/#website","url":"https:\/\/blog.armurerie-france.fr\/blog\/wordpress\/","name":"Blog Armurerie France","description":"","publisher":{"@id":"https:\/\/blog.armurerie-france.fr\/blog\/wordpress\/#organization"},"potentialAction":[{"@type":"SearchAction","target":{"@type":"EntryPoint","urlTemplate":"https:\/\/blog.armurerie-france.fr\/blog\/wordpress\/?s={search_term_string}"},"query-input":{"@type":"PropertyValueSpecification","valueRequired":true,"valueName":"search_term_string"}}],"inLanguage":"fr-FR"},{"@type":"Organization","@id":"https:\/\/blog.armurerie-france.fr\/blog\/wordpress\/#organization","name":"Blog Armurerie France","url":"https:\/\/blog.armurerie-france.fr\/blog\/wordpress\/","logo":{"@type":"ImageObject","inLanguage":"fr-FR","@id":"https:\/\/blog.armurerie-france.fr\/blog\/wordpress\/#\/schema\/logo\/image\/","url":"https:\/\/blog.armurerie-france.fr\/blog\/wordpress\/wp-content\/uploads\/2025\/02\/telechargement.png","contentUrl":"https:\/\/blog.armurerie-france.fr\/blog\/wordpress\/wp-content\/uploads\/2025\/02\/telechargement.png","width":28,"height":28,"caption":"Blog Armurerie France"},"image":{"@id":"https:\/\/blog.armurerie-france.fr\/blog\/wordpress\/#\/schema\/logo\/image\/"},"sameAs":["https:\/\/simac.fr\/","https:\/\/europarm.fr\/"]},{"@type":"Person","@id":"https:\/\/blog.armurerie-france.fr\/blog\/wordpress\/#\/schema\/person\/24a7d932aa2e5d91d9c586791d9135fb","name":"R\u00e9mi Silvestre","image":{"@type":"ImageObject","inLanguage":"fr-FR","@id":"https:\/\/secure.gravatar.com\/avatar\/4c53ef82fa5ceda6ff704daa0486bba619386174b2171bdc714ab895ec9f9116?s=96&d=mm&r=g","url":"https:\/\/secure.gravatar.com\/avatar\/4c53ef82fa5ceda6ff704daa0486bba619386174b2171bdc714ab895ec9f9116?s=96&d=mm&r=g","contentUrl":"https:\/\/secure.gravatar.com\/avatar\/4c53ef82fa5ceda6ff704daa0486bba619386174b2171bdc714ab895ec9f9116?s=96&d=mm&r=g","caption":"R\u00e9mi Silvestre"},"url":"https:\/\/blog.armurerie-france.fr\/blog\/wordpress\/author\/remi-admin\/"}]}},"_links":{"self":[{"href":"https:\/\/blog.armurerie-france.fr\/blog\/wordpress\/wp-json\/wp\/v2\/posts\/326","targetHints":{"allow":["GET"]}}],"collection":[{"href":"https:\/\/blog.armurerie-france.fr\/blog\/wordpress\/wp-json\/wp\/v2\/posts"}],"about":[{"href":"https:\/\/blog.armurerie-france.fr\/blog\/wordpress\/wp-json\/wp\/v2\/types\/post"}],"author":[{"embeddable":true,"href":"https:\/\/blog.armurerie-france.fr\/blog\/wordpress\/wp-json\/wp\/v2\/users\/2"}],"replies":[{"embeddable":true,"href":"https:\/\/blog.armurerie-france.fr\/blog\/wordpress\/wp-json\/wp\/v2\/comments?post=326"}],"version-history":[{"count":17,"href":"https:\/\/blog.armurerie-france.fr\/blog\/wordpress\/wp-json\/wp\/v2\/posts\/326\/revisions"}],"predecessor-version":[{"id":625,"href":"https:\/\/blog.armurerie-france.fr\/blog\/wordpress\/wp-json\/wp\/v2\/posts\/326\/revisions\/625"}],"wp:featuredmedia":[{"embeddable":true,"href":"https:\/\/blog.armurerie-france.fr\/blog\/wordpress\/wp-json\/wp\/v2\/media\/584"}],"wp:attachment":[{"href":"https:\/\/blog.armurerie-france.fr\/blog\/wordpress\/wp-json\/wp\/v2\/media?parent=326"}],"wp:term":[{"taxonomy":"category","embeddable":true,"href":"https:\/\/blog.armurerie-france.fr\/blog\/wordpress\/wp-json\/wp\/v2\/categories?post=326"},{"taxonomy":"post_tag","embeddable":true,"href":"https:\/\/blog.armurerie-france.fr\/blog\/wordpress\/wp-json\/wp\/v2\/tags?post=326"}],"curies":[{"name":"wp","href":"https:\/\/api.w.org\/{rel}","templated":true}]}}